{"id":916,"date":"2026-01-09T10:40:01","date_gmt":"2026-01-09T08:40:01","guid":{"rendered":"https:\/\/nurmijarvionilmio.fi\/munpolku\/?p=916"},"modified":"2026-01-09T10:41:38","modified_gmt":"2026-01-09T08:41:38","slug":"hyvinvointitutoroppilaat-urheilupuiston-koulussa","status":"publish","type":"post","link":"https:\/\/nurmijarvionilmio.fi\/munpolku\/hyvinvointitutoroppilaat-urheilupuiston-koulussa\/","title":{"rendered":"Hyvinvointitutoroppilaat Urheilupuiston koulussa"},"content":{"rendered":"\n<p>Urheilupuiston koulussa toimii seitsem\u00e4n oppilaan muodostama hyvinvointitutorien ryhm\u00e4, joka on aikuisten tukena koulun MUN POLKU -ty\u00f6ss\u00e4. Hyvinvointitutorit ovat olleet aktiivisesti mukana ideoimassa ja toteuttamassa erilaisia tapahtumia ja teemap\u00e4ivi\u00e4. Hyvinvointitutortoiminta on osoittautunut my\u00f6s luontevaksi ja toimivaksi osaksi MUN POLKU -kokonaisuutta.<\/p>\n\n\n\n<p>Viime kev\u00e4\u00e4n\u00e4 koulussa j\u00e4rjestettiin hyvinvointiviikko, jonka aikana oppilaille tarjottiin aamupalaa ja v\u00e4lipalaa sek\u00e4 esiteltiin erilaisia harrastusmahdollisuuksia. Toiminta sai innostuneen vastaanoton, ja hyvinvointiviikko toteutetaan uudelleen kev\u00e4\u00e4ll\u00e4 2026.<\/p>\n\n\n\n<p>Koulun k\u00e4yt\u00e4vill\u00e4 huomion kiinnitt\u00e4\u00e4 my\u00f6s Hyv\u00e4n mielen puu, jonka hyvinvointitutorit ovat itse ideoineet. Puuhun oppilaat voivat k\u00e4yd\u00e4 lis\u00e4\u00e4m\u00e4ss\u00e4 omia onnistumisiaan, mik\u00e4 vahvistaa koulun my\u00f6nteist\u00e4 ilmapiiri\u00e4.<\/p>\n\n\n\n<figure class=\"wp-block-image size-full\"><img fetchpriority=\"high\" decoding=\"async\" width=\"640\" height=\"480\" src=\"https:\/\/nurmijarvionilmio.fi\/munpolku\/wp-content\/uploads\/2026\/01\/Hyvan-mielen-puu.jpeg\" alt=\"\" class=\"wp-image-917\" srcset=\"https:\/\/nurmijarvionilmio.fi\/munpolku\/wp-content\/uploads\/2026\/01\/Hyvan-mielen-puu.jpeg 640w, https:\/\/nurmijarvionilmio.fi\/munpolku\/wp-content\/uploads\/2026\/01\/Hyvan-mielen-puu-300x225.jpeg 300w\" sizes=\"(max-width: 640px) 100vw, 640px\" \/><\/figure>\n\n\n\n<p><\/p>\n\n\n\n<h2 class=\"wp-block-heading\">Oppilaat mukana suunnittelussa ja toteutuksessa<\/h2>\n\n\n\n<p>Tutorit ovat mukana my\u00f6s MUN POLKU -luokanvalvojatunneilla. Tunnin aluksi tutorit esittelev\u00e4t p\u00e4iv\u00e4n teeman ja lukevat siihen liittyv\u00e4n aamunavauksen. Kokemusten mukaan t\u00e4m\u00e4 on selkeytt\u00e4nyt tunnin teemaa.<\/p>\n\n\n\n<p>Hyvinvointitutorien toiminta on lis\u00e4nnyt oppilaiden osallisuutta merkitt\u00e4v\u00e4sti. Kun toimintaa suunnittelevat nuoret itse, se puhuttelee oppilaita eri tavalla kuin aikuisten yksin toteuttamana. On ollut ilo seurata, kuinka innostuneesti tutorit ovat tarttuneet teht\u00e4viins\u00e4 ja vieneet ideoita eteenp\u00e4in.<\/p>\n\n\n\n<h2 class=\"wp-block-heading\">Hyvinvointiviikko oppilaiden silmin<\/h2>\n\n\n\n<p>Hyvinvointitutoroppilaina toimivat Saana, Ella, Mette ja Anna kuvaavat toimintaa merkitykselliseksi ja monipuoliseksi. He kokevat, ett\u00e4 on ollut kiva kehitt\u00e4\u00e4 koulun hyvinvointia:<\/p>\n\n\n\n<blockquote class=\"wp-block-quote is-layout-flow wp-block-quote-is-layout-flow\">\n<p>&#8221;On p\u00e4\u00e4ssyt tekem\u00e4\u00e4n erilaisia tapahtumia ja nostamaan esille hyvinvoinnin merkityst\u00e4.&#8221;<\/p>\n<\/blockquote>\n\n\n\n<p>Viime kev\u00e4\u00e4n hyvinvointiviikko sis\u00e4lsi muun muassa Mun juttu -p\u00e4iv\u00e4n, jolloin oppilaat saivat pukeutua oman harrastuksensa tai kiinnostuksensa mukaan \u2013 n\u00e4htiin b\u00e4ndipaitoja, urheiluv\u00e4lineit\u00e4, kirjoja, soittimia ja siveltimi\u00e4. Yhten\u00e4 p\u00e4iv\u00e4n\u00e4 tarjottiin aamupala kaikille halukkaille ja tutorit jakoivat v\u00e4lipalakeksej\u00e4 koko koululle iltap\u00e4iv\u00e4n v\u00e4litunnilla. Lis\u00e4ksi yhten\u00e4 p\u00e4iv\u00e4n\u00e4 v\u00e4litunneilla soi musiikki ja joka p\u00e4iv\u00e4 kuultiin teemaan liittyv\u00e4 aamunavaus.<\/p>\n\n\n\n<p>Tutorit ovat olleet mukana my\u00f6s el\u00e4v\u00f6itt\u00e4m\u00e4ss\u00e4 koulun tiloja:<\/p>\n\n\n\n<blockquote class=\"wp-block-quote is-layout-flow wp-block-quote-is-layout-flow\">\n<p>\u201cOn ollut kiva el\u00e4v\u00f6itt\u00e4\u00e4 koulun valkoisia k\u00e4yt\u00e4vi\u00e4 erilaisilla hyvinvointiin liittyvill\u00e4 julisteilla.\u201d<\/p>\n<\/blockquote>\n\n\n\n<p>Julisteissa muistutetaan esimerkiksi siit\u00e4, ett\u00e4 kiusaaminen ei ole ok, yst\u00e4vyys on voimaa ja aikuiset ovat t\u00e4\u00e4ll\u00e4 teit\u00e4 varten.<\/p>\n\n\n\n<p>Seuraava hyvinvointiviikko j\u00e4rjestet\u00e4\u00e4n huhtikuussa ja suunnitelmissa on laajentaa toimintaa entisest\u00e4\u00e4n. Tulossa on j\u00e4lleen Mun juttu -p\u00e4iv\u00e4 ja mukaan kutsutaan kunnan urheiluseuroja sek\u00e4 taide- ja kulttuuritoimijoita esittelem\u00e4\u00e4n harrastusmahdollisuuksiaan. Aamupala ja v\u00e4lipala ovat my\u00f6s jatkossa osa viikkoa.<\/p>\n\n\n\n<p><\/p>\n\n\n\n<blockquote class=\"wp-block-quote is-layout-flow wp-block-quote-is-layout-flow\">\n<p>Tekstin on kirjoittanut Urheilupuiston koulu<\/p>\n<\/blockquote>\n","protected":false},"excerpt":{"rendered":"<p>Urheilupuiston koulussa toimii seitsem\u00e4n oppilaan muodostama hyvinvointitutorien ryhm\u00e4, joka on aikuisten tukena koulun MUN POLKU -ty\u00f6ss\u00e4. Hyvinvointitutorit ovat olleet aktiivisesti mukana ideoimassa ja toteuttamassa erilaisia tapahtumia ja teemap\u00e4ivi\u00e4. Hyvinvointitutortoiminta on osoittautunut my\u00f6s luontevaksi ja toimivaksi osaksi MUN POLKU -kokonaisuutta. Viime kev\u00e4\u00e4n\u00e4 koulussa j\u00e4rjestettiin hyvinvointiviikko, jonka aikana oppilaille tarjottiin aamupalaa ja [&hellip;]<\/p>\n","protected":false},"author":1,"featured_media":917,"comment_status":"closed","ping_status":"closed","sticky":false,"template":"","format":"standard","meta":{"footnotes":""},"categories":[30],"tags":[],"class_list":["post-916","post","type-post","status-publish","format-standard","has-post-thumbnail","hentry","category-upk"],"_links":{"self":[{"href":"https:\/\/nurmijarvionilmio.fi\/munpolku\/wp-json\/wp\/v2\/posts\/916","targetHints":{"allow":["GET"]}}],"collection":[{"href":"https:\/\/nurmijarvionilmio.fi\/munpolku\/wp-json\/wp\/v2\/posts"}],"about":[{"href":"https:\/\/nurmijarvionilmio.fi\/munpolku\/wp-json\/wp\/v2\/types\/post"}],"author":[{"embeddable":true,"href":"https:\/\/nurmijarvionilmio.fi\/munpolku\/wp-json\/wp\/v2\/users\/1"}],"replies":[{"embeddable":true,"href":"https:\/\/nurmijarvionilmio.fi\/munpolku\/wp-json\/wp\/v2\/comments?post=916"}],"version-history":[{"count":2,"href":"https:\/\/nurmijarvionilmio.fi\/munpolku\/wp-json\/wp\/v2\/posts\/916\/revisions"}],"predecessor-version":[{"id":919,"href":"https:\/\/nurmijarvionilmio.fi\/munpolku\/wp-json\/wp\/v2\/posts\/916\/revisions\/919"}],"wp:featuredmedia":[{"embeddable":true,"href":"https:\/\/nurmijarvionilmio.fi\/munpolku\/wp-json\/wp\/v2\/media\/917"}],"wp:attachment":[{"href":"https:\/\/nurmijarvionilmio.fi\/munpolku\/wp-json\/wp\/v2\/media?parent=916"}],"wp:term":[{"taxonomy":"category","embeddable":true,"href":"https:\/\/nurmijarvionilmio.fi\/munpolku\/wp-json\/wp\/v2\/categories?post=916"},{"taxonomy":"post_tag","embeddable":true,"href":"https:\/\/nurmijarvionilmio.fi\/munpolku\/wp-json\/wp\/v2\/tags?post=916"}],"curies":[{"name":"wp","href":"https:\/\/api.w.org\/{rel}","templated":true}]}}