{"id":890,"date":"2025-12-15T15:31:08","date_gmt":"2025-12-15T13:31:08","guid":{"rendered":"https:\/\/nurmijarvionilmio.fi\/munpolku\/?p=890"},"modified":"2025-12-15T15:31:11","modified_gmt":"2025-12-15T13:31:11","slug":"hyvinvointioppitunnit-maaniitun-koulussa","status":"publish","type":"post","link":"https:\/\/nurmijarvionilmio.fi\/munpolku\/hyvinvointioppitunnit-maaniitun-koulussa\/","title":{"rendered":"Hyvinvointioppitunnit Maaniitun koulussa"},"content":{"rendered":"\n<p>Maaniitun koulussa viikoittaiset hyvinvointituokiot ovat olleet osa arkea kev\u00e4tlukukaudesta 2025 alkaen.\u00a0 Hyvinvoinnin teema on n\u00e4kynyt my\u00f6s valinnaisaineissa vuosiluokilla 3-5. Valinnaiskurssi &#8221;Apua keskittymiseen ja rentoutumiseen&#8221; alkoi ensimm\u00e4ist\u00e4 kertaa t\u00e4n\u00e4 syyskautena.\u00a0&#8221;Terveys- ja hyvinvointikurssi&#8221; sek\u00e4 &#8221;Hyv\u00e4n mielen kuviskurssi&#8221; ovat my\u00f6s vahvistaneet hyvinvoinnin teemaa koulussamme.<\/p>\n\n\n\n<h2 class=\"wp-block-heading\">Ykk\u00f6sluokan arkea<\/h2>\n\n\n\n<p>Syksyll\u00e4 2025 ykk\u00f6sluokkien tuokioissa olemme harjoitelleet yhdess\u00e4 kannustamista kehupiirin avulla. V\u00e4litunneilla on kokeiltu my\u00f6s trio-v\u00e4lkk\u00e4\u00e4, jossa lapset leikkiv\u00e4t vaihtelevissa kolmen lapsen ryhmiss\u00e4. Opettajaopiskelijamme Sanna suunnitteli ja toteutti kaveritaitotunnin ensimm\u00e4isen luokan oppilaille. Tunnin tavoitteena oli oppia tuntemaan luokkakavereita ja keskitty\u00e4 kuuntelemaan muiden puheenvuoroja. Kerro kaverille -harjoituksessa oppilaat keskustelivat pieniss\u00e4 ryhmiss\u00e4 Saara M\u00e4lk\u00f6sen keskusteluaihekorttien avulla kertoen esimerkiksi lempiruoastaan, haaveammatistaan ja perheest\u00e4\u00e4n.<\/p>\n\n\n\n<p>Lasten kanssa k\u00e4ytiin keskustellen l\u00e4pi hyviin kaveritaitoihin kuuluvia asioita, kuten kaverin onnistumisesta iloitsemista ja anteeksi pyyt\u00e4mist\u00e4. Tunnin lopuksi oppilaat harjoittelivat omien kaveritaitojensa arviointia V\u00e4rinauttien kaveritaitojen kartoitus -lomakkeella.<\/p>\n\n\n\n<p>Viimeisimm\u00e4ll\u00e4 ykk\u00f6sluokan hyvinvointioppitunnilla harjoittelimme rauhoittumista rentoutusvideon avulla. Oppilaat saivat halutessaan p\u00f6tk\u00f6tell\u00e4 patjalla harjoituksen aikana. Oppilaat arvioivat rentoutustunnin peukkupalautteella sek\u00e4 jakamalla omia kokemuksiaan \u00e4\u00e4neen.<\/p>\n\n\n\n<p><strong>Ensimm\u00e4isen luokan oppilaiden ajatuksia rentoutustunnista:<\/strong><\/p>\n\n\n\n<ul class=\"wp-block-list\">\n<li>&#8221;Superparasta.&#8221;<\/li>\n\n\n\n<li>&#8221;Ihanan rauhallista.&#8221;<\/li>\n\n\n\n<li>&#8221;Ei ollut kivaa.&#8221;<\/li>\n\n\n\n<li>\u201cIhan ok.\u201d<\/li>\n\n\n\n<li>\u201cKivaa.\u201d<\/li>\n\n\n\n<li>\u201cSuperkivaa.\u201d<\/li>\n\n\n\n<li>\u201cEn tyk\u00e4nnyt.\u201d<\/li>\n\n\n\n<li>\u201cEi niin hyv\u00e4.\u201d<\/li>\n\n\n\n<li>\u201cIhan paras.\u201d<\/li>\n\n\n\n<li>\u201cHuono, koska en saanut unta.\u201d<\/li>\n\n\n\n<li>\u201cEn ihan niin pit\u00e4nyt.\u201d<\/li>\n<\/ul>\n\n\n\n<p><\/p>\n\n\n\n<blockquote class=\"wp-block-quote is-layout-flow wp-block-quote-is-layout-flow\">\n<p>Tekstin on kirjoittanut Maaniitun koulu<\/p>\n<\/blockquote>\n\n\n\n<p><\/p>\n","protected":false},"excerpt":{"rendered":"<p>Maaniitun koulussa viikoittaiset hyvinvointituokiot ovat olleet osa arkea kev\u00e4tlukukaudesta 2025 alkaen.\u00a0 Hyvinvoinnin teema on n\u00e4kynyt my\u00f6s valinnaisaineissa vuosiluokilla 3-5. Valinnaiskurssi &#8221;Apua keskittymiseen ja rentoutumiseen&#8221; alkoi ensimm\u00e4ist\u00e4 kertaa t\u00e4n\u00e4 syyskautena.\u00a0&#8221;Terveys- ja hyvinvointikurssi&#8221; sek\u00e4 &#8221;Hyv\u00e4n mielen kuviskurssi&#8221; ovat my\u00f6s vahvistaneet hyvinvoinnin teemaa koulussamme. Ykk\u00f6sluokan arkea Syksyll\u00e4 2025 ykk\u00f6sluokkien tuokioissa olemme harjoitelleet yhdess\u00e4 [&hellip;]<\/p>\n","protected":false},"author":1,"featured_media":891,"comment_status":"closed","ping_status":"closed","sticky":false,"template":"","format":"standard","meta":{"footnotes":""},"categories":[19],"tags":[],"class_list":["post-890","post","type-post","status-publish","format-standard","has-post-thumbnail","hentry","category-maaniittu"],"_links":{"self":[{"href":"https:\/\/nurmijarvionilmio.fi\/munpolku\/wp-json\/wp\/v2\/posts\/890","targetHints":{"allow":["GET"]}}],"collection":[{"href":"https:\/\/nurmijarvionilmio.fi\/munpolku\/wp-json\/wp\/v2\/posts"}],"about":[{"href":"https:\/\/nurmijarvionilmio.fi\/munpolku\/wp-json\/wp\/v2\/types\/post"}],"author":[{"embeddable":true,"href":"https:\/\/nurmijarvionilmio.fi\/munpolku\/wp-json\/wp\/v2\/users\/1"}],"replies":[{"embeddable":true,"href":"https:\/\/nurmijarvionilmio.fi\/munpolku\/wp-json\/wp\/v2\/comments?post=890"}],"version-history":[{"count":1,"href":"https:\/\/nurmijarvionilmio.fi\/munpolku\/wp-json\/wp\/v2\/posts\/890\/revisions"}],"predecessor-version":[{"id":892,"href":"https:\/\/nurmijarvionilmio.fi\/munpolku\/wp-json\/wp\/v2\/posts\/890\/revisions\/892"}],"wp:featuredmedia":[{"embeddable":true,"href":"https:\/\/nurmijarvionilmio.fi\/munpolku\/wp-json\/wp\/v2\/media\/891"}],"wp:attachment":[{"href":"https:\/\/nurmijarvionilmio.fi\/munpolku\/wp-json\/wp\/v2\/media?parent=890"}],"wp:term":[{"taxonomy":"category","embeddable":true,"href":"https:\/\/nurmijarvionilmio.fi\/munpolku\/wp-json\/wp\/v2\/categories?post=890"},{"taxonomy":"post_tag","embeddable":true,"href":"https:\/\/nurmijarvionilmio.fi\/munpolku\/wp-json\/wp\/v2\/tags?post=890"}],"curies":[{"name":"wp","href":"https:\/\/api.w.org\/{rel}","templated":true}]}}