{"id":884,"date":"2025-12-11T13:21:30","date_gmt":"2025-12-11T11:21:30","guid":{"rendered":"https:\/\/nurmijarvionilmio.fi\/munpolku\/?p=884"},"modified":"2025-12-15T15:24:21","modified_gmt":"2025-12-15T13:24:21","slug":"mun-polku-roykan-koulun-arjessa","status":"publish","type":"post","link":"https:\/\/nurmijarvionilmio.fi\/munpolku\/mun-polku-roykan-koulun-arjessa\/","title":{"rendered":"MUN POLKU R\u00f6yk\u00e4n koulun arjessa"},"content":{"rendered":"\n<p>Perjantain aamussa on vilskett\u00e4, lapset tulevat luokkaan ja siirtyv\u00e4t aamupiiriin. Ensimm\u00e4iseksi tehd\u00e4\u00e4n l\u00e4sn\u00e4oloharjoitus, jossa pidet\u00e4\u00e4n kiinni kustakin sormesta, hengitet\u00e4\u00e4n sis\u00e4\u00e4n ja ulos \u2013 silm\u00e4t suljettuina. Tullaan tietoisiksi t\u00e4st\u00e4 hetkest\u00e4 omine ajatuksineen, joita aikuinen ohjaa apukysymyksill\u00e4. Tilanne on joka kerran yht\u00e4 mieleenpainuva ja t\u00e4rke\u00e4, ja ennen kaikkea toimiva. T\u00e4llaiset aamut antavat rauhan, jonka j\u00e4lkeen on hyv\u00e4 jatkaa muihin MUN POLKU -teht\u00e4viin. <\/p>\n\n\n\n<p>R\u00f6yk\u00e4n koulussa on t\u00e4m\u00e4n syksyn ajan opeteltu hyvi\u00e4 k\u00e4yt\u00e4nteit\u00e4 ja tutustuttu MUN POLKU -materiaaleihin, jonka on mahdollistanut lukuj\u00e4rjestykseen merkitty tunti. Olemme keskustelleet pelosta ja turvasta. Olemme tehneet teht\u00e4vi\u00e4 hyv\u00e4st\u00e4 koskemisesta kaveriin ja perheenj\u00e4seniin. Alkuluokat innostuivat tekem\u00e4\u00e4n MUN POLKU -kirjojen kannet, joihin teht\u00e4v\u00e4t laitetaan ja niihin voidaan palata. Lapset ovat tietoisia, mik\u00e4 t\u00e4m\u00e4 juttu on, ja merkkin\u00e4 tehdyst\u00e4 yhteisest\u00e4 keskustelusta, teht\u00e4v\u00e4st\u00e4 ja pohdinnasta laitamme tarran kunkin teemajakson alle.<\/p>\n\n\n\n<p>Keskiviikkona kuudennella luokalla on marraskuun ajan intensiivijakso MUN POLKU -materiaaliin. Se on liitetty ymp\u00e4n aiheeseen ihminen. Haasteltavina olevat kaksi kuudesluokkalaista kertovat, kuinka on puhuttu tunteista, ja kuinka niit\u00e4 hallitaan, eik\u00e4 tarvitse s\u00e4ik\u00e4ht\u00e4\u00e4, vaikka tunne tulee. Puhetta tulee my\u00f6s empatiasta ja kaveritaidoista, kuinka asettua toisen asemaan, jos vaikka toisella on huono mieli koearvosanoista tai l\u00e4ksyjen teosta. Oppilaat pit\u00e4v\u00e4t hyv\u00e4n\u00e4, ett\u00e4 teemoista on videoita, joiden pohjalta keskustellaan koko luokan kesken. Heille iloa on tuottanut, kun on saanut esiinty\u00e4 koulun juhlissa.<\/p>\n\n\n\n<p>Tunnetaidot ovat oppilaiden puheissa my\u00f6s suhteessa harrastuksiin ja niiss\u00e4 onnistumisiin ja ep\u00e4onnistumisiin. Heid\u00e4n n\u00e4kemyksens\u00e4 mukaan n\u00e4ill\u00e4 MUN POLKU- tunneilla on kauaskantoista tukea aina aikuisteen saakka.<\/p>\n\n\n\n<figure class=\"wp-block-image size-large\"><img fetchpriority=\"high\" decoding=\"async\" width=\"768\" height=\"1024\" src=\"https:\/\/nurmijarvionilmio.fi\/munpolku\/wp-content\/uploads\/2025\/12\/Roykan-koulun-kuva1-768x1024.jpg\" alt=\"\" class=\"wp-image-886\" srcset=\"https:\/\/nurmijarvionilmio.fi\/munpolku\/wp-content\/uploads\/2025\/12\/Roykan-koulun-kuva1-768x1024.jpg 768w, https:\/\/nurmijarvionilmio.fi\/munpolku\/wp-content\/uploads\/2025\/12\/Roykan-koulun-kuva1-225x300.jpg 225w, https:\/\/nurmijarvionilmio.fi\/munpolku\/wp-content\/uploads\/2025\/12\/Roykan-koulun-kuva1-1152x1536.jpg 1152w, https:\/\/nurmijarvionilmio.fi\/munpolku\/wp-content\/uploads\/2025\/12\/Roykan-koulun-kuva1-1536x2048.jpg 1536w, https:\/\/nurmijarvionilmio.fi\/munpolku\/wp-content\/uploads\/2025\/12\/Roykan-koulun-kuva1-scaled.jpg 1920w\" sizes=\"(max-width: 768px) 100vw, 768px\" \/><\/figure>\n\n\n\n<p><em>R\u00f6yk\u00e4n koulun alkuluokat tekiv\u00e4t MUN POLKU -kirjojen kannet.<\/em><\/p>\n\n\n\n<p><\/p>\n\n\n\n<blockquote class=\"wp-block-quote is-layout-flow wp-block-quote-is-layout-flow\">\n<p>Tekstin on kirjoittanut R\u00f6yk\u00e4n koulu<\/p>\n<\/blockquote>\n","protected":false},"excerpt":{"rendered":"<p>Perjantain aamussa on vilskett\u00e4, lapset tulevat luokkaan ja siirtyv\u00e4t aamupiiriin. Ensimm\u00e4iseksi tehd\u00e4\u00e4n l\u00e4sn\u00e4oloharjoitus, jossa pidet\u00e4\u00e4n kiinni kustakin sormesta, hengitet\u00e4\u00e4n sis\u00e4\u00e4n ja ulos \u2013 silm\u00e4t suljettuina. Tullaan tietoisiksi t\u00e4st\u00e4 hetkest\u00e4 omine ajatuksineen, joita aikuinen ohjaa apukysymyksill\u00e4. Tilanne on joka kerran yht\u00e4 mieleenpainuva ja t\u00e4rke\u00e4, ja ennen kaikkea toimiva. T\u00e4llaiset aamut antavat [&hellip;]<\/p>\n","protected":false},"author":1,"featured_media":888,"comment_status":"closed","ping_status":"closed","sticky":false,"template":"","format":"standard","meta":{"footnotes":""},"categories":[26],"tags":[],"class_list":["post-884","post","type-post","status-publish","format-standard","has-post-thumbnail","hentry","category-roykka"],"_links":{"self":[{"href":"https:\/\/nurmijarvionilmio.fi\/munpolku\/wp-json\/wp\/v2\/posts\/884","targetHints":{"allow":["GET"]}}],"collection":[{"href":"https:\/\/nurmijarvionilmio.fi\/munpolku\/wp-json\/wp\/v2\/posts"}],"about":[{"href":"https:\/\/nurmijarvionilmio.fi\/munpolku\/wp-json\/wp\/v2\/types\/post"}],"author":[{"embeddable":true,"href":"https:\/\/nurmijarvionilmio.fi\/munpolku\/wp-json\/wp\/v2\/users\/1"}],"replies":[{"embeddable":true,"href":"https:\/\/nurmijarvionilmio.fi\/munpolku\/wp-json\/wp\/v2\/comments?post=884"}],"version-history":[{"count":2,"href":"https:\/\/nurmijarvionilmio.fi\/munpolku\/wp-json\/wp\/v2\/posts\/884\/revisions"}],"predecessor-version":[{"id":889,"href":"https:\/\/nurmijarvionilmio.fi\/munpolku\/wp-json\/wp\/v2\/posts\/884\/revisions\/889"}],"wp:featuredmedia":[{"embeddable":true,"href":"https:\/\/nurmijarvionilmio.fi\/munpolku\/wp-json\/wp\/v2\/media\/888"}],"wp:attachment":[{"href":"https:\/\/nurmijarvionilmio.fi\/munpolku\/wp-json\/wp\/v2\/media?parent=884"}],"wp:term":[{"taxonomy":"category","embeddable":true,"href":"https:\/\/nurmijarvionilmio.fi\/munpolku\/wp-json\/wp\/v2\/categories?post=884"},{"taxonomy":"post_tag","embeddable":true,"href":"https:\/\/nurmijarvionilmio.fi\/munpolku\/wp-json\/wp\/v2\/tags?post=884"}],"curies":[{"name":"wp","href":"https:\/\/api.w.org\/{rel}","templated":true}]}}