{"id":284,"date":"2025-11-07T15:18:32","date_gmt":"2025-11-07T13:18:32","guid":{"rendered":"https:\/\/nurmijarvionilmio.fi\/munpolku\/?p=284"},"modified":"2025-12-15T15:23:55","modified_gmt":"2025-12-15T13:23:55","slug":"lasten-ja-nuorten-aani-kuuluviin","status":"publish","type":"post","link":"https:\/\/nurmijarvionilmio.fi\/munpolku\/lasten-ja-nuorten-aani-kuuluviin\/","title":{"rendered":"Lasten ja nuorten \u00e4\u00e4ni kuuluviin"},"content":{"rendered":"\n<p>Milt\u00e4 tuntuu vaikuttaa asioihin nuorena? Katso videolta, mit\u00e4 ajatuksia M\u00e4ntysalon koulun yl\u00e4koululaisella nuorella on vaikuttamisesta ja hyvinvoinnista.<\/p>\n\n\n\n<p>Videolla nuori kertoo, miksi on t\u00e4rke\u00e4\u00e4, ett\u00e4 nuoret p\u00e4\u00e4sev\u00e4t kertomaan, milt\u00e4 arki heid\u00e4n silmiss\u00e4\u00e4n n\u00e4ytt\u00e4\u00e4. Aikuiset eiv\u00e4t aina muista, milt\u00e4 asiat n\u00e4yttiv\u00e4t silloin, kun itse oli nuori, ja siksi on t\u00e4rke\u00e4\u00e4, ett\u00e4 eri ik\u00e4isten n\u00e4k\u00f6kulmat tulevat esiin.&nbsp;&nbsp;<\/p>\n\n\n\n<p>Lapsilla ja nuorilla on paljon hyvi\u00e4 ajatuksia \u2013 kun vain annetaan mahdollisuus kertoa ne.&nbsp;<\/p>\n\n\n\n<p>Mihin asioihin sin\u00e4 voit vaikuttaa koulussasi?&nbsp;<\/p>\n\n\n\n<figure class=\"wp-block-video\"><video height=\"1080\" style=\"aspect-ratio: 1080 \/ 1080;\" width=\"1080\" controls src=\"https:\/\/nurmijarvionilmio.fi\/munpolku\/wp-content\/uploads\/2025\/11\/testi-2.mp4\"><\/video><\/figure>\n\n\n\n<p><\/p>\n\n\n\n<p><em>Videossa esiintyy M\u00e4ntysalon koulun oppilas<\/em><\/p>\n\n\n\n<p><\/p>\n","protected":false},"excerpt":{"rendered":"<p>Milt\u00e4 tuntuu vaikuttaa asioihin nuorena? Katso videolta, mit\u00e4 ajatuksia M\u00e4ntysalon koulun yl\u00e4koululaisella nuorella on vaikuttamisesta ja hyvinvoinnista. Videolla nuori kertoo, miksi on t\u00e4rke\u00e4\u00e4, ett\u00e4 nuoret p\u00e4\u00e4sev\u00e4t kertomaan, milt\u00e4 arki heid\u00e4n silmiss\u00e4\u00e4n n\u00e4ytt\u00e4\u00e4. Aikuiset eiv\u00e4t aina muista, milt\u00e4 asiat n\u00e4yttiv\u00e4t silloin, kun itse oli nuori, ja siksi on t\u00e4rke\u00e4\u00e4, ett\u00e4 eri [&hellip;]<\/p>\n","protected":false},"author":1,"featured_media":286,"comment_status":"closed","ping_status":"closed","sticky":false,"template":"","format":"standard","meta":{"footnotes":""},"categories":[21],"tags":[],"class_list":["post-284","post","type-post","status-publish","format-standard","has-post-thumbnail","hentry","category-mantysalo"],"_links":{"self":[{"href":"https:\/\/nurmijarvionilmio.fi\/munpolku\/wp-json\/wp\/v2\/posts\/284","targetHints":{"allow":["GET"]}}],"collection":[{"href":"https:\/\/nurmijarvionilmio.fi\/munpolku\/wp-json\/wp\/v2\/posts"}],"about":[{"href":"https:\/\/nurmijarvionilmio.fi\/munpolku\/wp-json\/wp\/v2\/types\/post"}],"author":[{"embeddable":true,"href":"https:\/\/nurmijarvionilmio.fi\/munpolku\/wp-json\/wp\/v2\/users\/1"}],"replies":[{"embeddable":true,"href":"https:\/\/nurmijarvionilmio.fi\/munpolku\/wp-json\/wp\/v2\/comments?post=284"}],"version-history":[{"count":6,"href":"https:\/\/nurmijarvionilmio.fi\/munpolku\/wp-json\/wp\/v2\/posts\/284\/revisions"}],"predecessor-version":[{"id":877,"href":"https:\/\/nurmijarvionilmio.fi\/munpolku\/wp-json\/wp\/v2\/posts\/284\/revisions\/877"}],"wp:featuredmedia":[{"embeddable":true,"href":"https:\/\/nurmijarvionilmio.fi\/munpolku\/wp-json\/wp\/v2\/media\/286"}],"wp:attachment":[{"href":"https:\/\/nurmijarvionilmio.fi\/munpolku\/wp-json\/wp\/v2\/media?parent=284"}],"wp:term":[{"taxonomy":"category","embeddable":true,"href":"https:\/\/nurmijarvionilmio.fi\/munpolku\/wp-json\/wp\/v2\/categories?post=284"},{"taxonomy":"post_tag","embeddable":true,"href":"https:\/\/nurmijarvionilmio.fi\/munpolku\/wp-json\/wp\/v2\/tags?post=284"}],"curies":[{"name":"wp","href":"https:\/\/api.w.org\/{rel}","templated":true}]}}